{"id":13278,"date":"2026-01-30T17:36:47","date_gmt":"2026-01-30T16:36:47","guid":{"rendered":"https:\/\/www.taunusmusikanten.de\/?p=13278"},"modified":"2026-01-30T17:36:47","modified_gmt":"2026-01-30T16:36:47","slug":"gert-uwe-mende-bei-den-taunusmusikanten","status":"publish","type":"post","link":"https:\/\/www.taunusmusikanten.de\/?p=13278","title":{"rendered":"Gert-Uwe Mende bei den Taunusmusikanten"},"content":{"rendered":"<p>50 Jahre alt, 50 Mann (und Frau) stark! Das sind die Zahlen der Wiesbadener Taunusmusikanten die Anlass waren, dass Oberb\u00fcrgermeister Gert-Uwe Mende am 28.1.2026 die Probe der Wiesbadener Taunusmusikanten besuchte und anl\u00e4sslich der nun absolvierten 50 Jahre Vereinsgeschichte die Stadtplakette in Bronze \u00fcberreichte.<\/p>\n<p>Die Wiesbadener Taunusmusikanten sind seit Jahren ein Inbegriff f\u00fcr musikalische Integration und so geschah es auch Herrn Mende nicht anders: Als \u00dcberraschung spielten die Wiesbadener Taunusmusikanten &#8222;Antonin&#8217;s New World&#8220;, eine Rockbearbeitung der 9. Sinfonie Dvoraks, und Herr Mende spielte das Solo am Triangel. Gekonnt, Sicher und mit sichtbarer Motivation!<\/p>\n<p>In einer lockeren Atmosph\u00e4re gratulierte der Oberb\u00fcrgermeister festlich den Aktiven und dem Vereinsvorstand zur bisher geleisteten Arbeit und verwies auf das sichtbar gesunde Vereinsleben bei den Wiesbadener Taunusmusikanten.&nbsp;<\/p>\n<p>Anschlie\u00dfend wurde noch ein klein wenig bei Snacks und Wiesbadener Sekt gefeiert, bevor es wieder an die Arbeit zur Vorbereitung des kommenden Auftrittes ging: Der Wiesbadener Fastnachtsumzug wartet auf rund 30 Aktive Taunusmusikanten am Fastnachtssonntag! KaSch<\/p>\nngg_shortcode_0_placeholder\n","protected":false},"excerpt":{"rendered":"<p>50 Jahre alt, 50 Mann (und Frau) stark! Das sind die Zahlen der Wiesbadener Taunusmusikanten die Anlass waren, dass Oberb\u00fcrgermeister Gert-Uwe Mende am 28.1.2026 die Probe der Wiesbadener Taunusmusikanten besuchte und anl\u00e4sslich der nun absolvierten 50 Jahre Vereinsgeschichte die Stadtplakette in Bronze \u00fcberreichte. Die Wiesbadener Taunusmusikanten sind seit Jahren ein Inbegriff f\u00fcr musikalische Integration und so geschah es auch Herrn Mende nicht&hellip;<\/p>\n<p> <a class=\"more-link\" href=\"https:\/\/www.taunusmusikanten.de\/?p=13278\">Weiterlesen<\/a><\/p>\n","protected":false},"author":2,"featured_media":13290,"comment_status":"closed","ping_status":"closed","sticky":false,"template":"","format":"standard","meta":{"ngg_post_thumbnail":0,"footnotes":""},"categories":[68],"tags":[],"class_list":{"0":"post-13278","1":"post","2":"type-post","3":"status-publish","4":"format-standard","5":"has-post-thumbnail","7":"category-termine-2026"},"_links":{"self":[{"href":"https:\/\/www.taunusmusikanten.de\/index.php?rest_route=\/wp\/v2\/posts\/13278","targetHints":{"allow":["GET"]}}],"collection":[{"href":"https:\/\/www.taunusmusikanten.de\/index.php?rest_route=\/wp\/v2\/posts"}],"about":[{"href":"https:\/\/www.taunusmusikanten.de\/index.php?rest_route=\/wp\/v2\/types\/post"}],"author":[{"embeddable":true,"href":"https:\/\/www.taunusmusikanten.de\/index.php?rest_route=\/wp\/v2\/users\/2"}],"replies":[{"embeddable":true,"href":"https:\/\/www.taunusmusikanten.de\/index.php?rest_route=%2Fwp%2Fv2%2Fcomments&post=13278"}],"version-history":[{"count":2,"href":"https:\/\/www.taunusmusikanten.de\/index.php?rest_route=\/wp\/v2\/posts\/13278\/revisions"}],"predecessor-version":[{"id":13289,"href":"https:\/\/www.taunusmusikanten.de\/index.php?rest_route=\/wp\/v2\/posts\/13278\/revisions\/13289"}],"wp:featuredmedia":[{"embeddable":true,"href":"https:\/\/www.taunusmusikanten.de\/index.php?rest_route=\/wp\/v2\/media\/13290"}],"wp:attachment":[{"href":"https:\/\/www.taunusmusikanten.de\/index.php?rest_route=%2Fwp%2Fv2%2Fmedia&parent=13278"}],"wp:term":[{"taxonomy":"category","embeddable":true,"href":"https:\/\/www.taunusmusikanten.de\/index.php?rest_route=%2Fwp%2Fv2%2Fcategories&post=13278"},{"taxonomy":"post_tag","embeddable":true,"href":"https:\/\/www.taunusmusikanten.de\/index.php?rest_route=%2Fwp%2Fv2%2Ftags&post=13278"}],"curies":[{"name":"wp","href":"https:\/\/api.w.org\/{rel}","templated":true}]}}