{"id":486,"date":"2013-10-12T19:00:35","date_gmt":"2013-10-12T19:00:35","guid":{"rendered":"http:\/\/wp.taunusmusikanten.de\/?p=486"},"modified":"2017-05-26T22:49:37","modified_gmt":"2017-05-26T20:49:37","slug":"oktoberfest-breckenheim","status":"publish","type":"post","link":"https:\/\/www.taunusmusikanten.de\/?p=486","title":{"rendered":"\u201eO\u2019zapft is\u201c \u2013 Oktoberfest in Breckenheim"},"content":{"rendered":"<p>\u201eAller guten Dinge sind drei \u2013 aber ab drei startet auch eine Tradition!\u201c Mit diesen Worten wurden die Besucher des 3. Oktoberfestes in der Sport- und Kulturhalle Breckenheim begr\u00fc\u00dft. Die musikalische Begr\u00fc\u00dfung \u00fcbernahmen die Wiesbadener Taunusmusikanten, die fast p\u00fcnktlich um kurz nach 19 Uhr in bester Laune und mit stimmungsvoller Blasmusik einmarschierten. Zum letzten Mal in der diesj\u00e4hrigen Kerb- und Oktoberfestsaison hatten die Musiker Dirndl und Lederhosen aus den Schr\u00e4nken geholt und die Instrumente auf Hochglanz poliert. In der stimmungsvoll dekorierten Halle f\u00fcgten sich die Musiker wunderbar in das Gesamtbild ein, denn auch die zahlreichen Besucher zeigten sich gr\u00f6\u00dftenteils in bayerischer Tracht.<br \/>\nNach den Begr\u00fc\u00dfungsworten und dem Fassanstich durch den Ortsvorsteher von Breckenheim heizten die Wiesbadener Taunusmusikanten dem gut gelaunten Publikum kr\u00e4ftig ein. Walzer, Schlager und Dixie klangen durch die Halle, und die Zuh\u00f6rer schunkelten und klatschten begeistert mit. Zum gro\u00dfen Finale mit dem &#8222;Trompeten-Echo&#8220; hielt es dann niemanden mehr auf den B\u00e4nken, und das Publikum konnte in bester Stimmung an die nachfolgenden \u201eGottestaler\u201c \u00fcbergeben werden.<br \/>\nF\u00fcr die Wiesbadener Taunusmusikanten gibt es nun eine Pause, die jedoch nicht lange andauert: am 12. November begleiten sie die Breckenheimer Kindergartenkinder bei ihrem St.-Martins-Umzug, und in der Adventszeit folgen die Auftritte auf dem Krifteler Weihnachtsmarkt und dem Sternschnuppenmarkt Wiesbaden. Auch hier ist wieder gute Laune und noch bessere Musik zu erwarten!<\/p>\nngg_shortcode_0_placeholder\n","protected":false},"excerpt":{"rendered":"<p>\u201eAller guten Dinge sind drei \u2013 aber ab drei startet auch eine Tradition!\u201c Mit diesen Worten wurden die Besucher des 3. Oktoberfestes in der Sport- und Kulturhalle Breckenheim begr\u00fc\u00dft. Die musikalische Begr\u00fc\u00dfung \u00fcbernahmen die Wiesbadener Taunusmusikanten, die fast p\u00fcnktlich um kurz nach 19 Uhr in bester Laune und mit stimmungsvoller Blasmusik einmarschierten. Zum letzten Mal in der diesj\u00e4hrigen Kerb- und Oktoberfestsaison hatten&hellip;<\/p>\n<p> <a class=\"more-link\" href=\"https:\/\/www.taunusmusikanten.de\/?p=486\">Weiterlesen<\/a><\/p>\n","protected":false},"author":2,"featured_media":4115,"comment_status":"closed","ping_status":"closed","sticky":false,"template":"","format":"standard","meta":{"ngg_post_thumbnail":0,"footnotes":""},"categories":[18],"tags":[],"class_list":{"0":"post-486","1":"post","2":"type-post","3":"status-publish","4":"format-standard","5":"has-post-thumbnail","7":"category-termine-2013"},"_links":{"self":[{"href":"https:\/\/www.taunusmusikanten.de\/index.php?rest_route=\/wp\/v2\/posts\/486","targetHints":{"allow":["GET"]}}],"collection":[{"href":"https:\/\/www.taunusmusikanten.de\/index.php?rest_route=\/wp\/v2\/posts"}],"about":[{"href":"https:\/\/www.taunusmusikanten.de\/index.php?rest_route=\/wp\/v2\/types\/post"}],"author":[{"embeddable":true,"href":"https:\/\/www.taunusmusikanten.de\/index.php?rest_route=\/wp\/v2\/users\/2"}],"replies":[{"embeddable":true,"href":"https:\/\/www.taunusmusikanten.de\/index.php?rest_route=%2Fwp%2Fv2%2Fcomments&post=486"}],"version-history":[{"count":5,"href":"https:\/\/www.taunusmusikanten.de\/index.php?rest_route=\/wp\/v2\/posts\/486\/revisions"}],"predecessor-version":[{"id":4077,"href":"https:\/\/www.taunusmusikanten.de\/index.php?rest_route=\/wp\/v2\/posts\/486\/revisions\/4077"}],"wp:featuredmedia":[{"embeddable":true,"href":"https:\/\/www.taunusmusikanten.de\/index.php?rest_route=\/wp\/v2\/media\/4115"}],"wp:attachment":[{"href":"https:\/\/www.taunusmusikanten.de\/index.php?rest_route=%2Fwp%2Fv2%2Fmedia&parent=486"}],"wp:term":[{"taxonomy":"category","embeddable":true,"href":"https:\/\/www.taunusmusikanten.de\/index.php?rest_route=%2Fwp%2Fv2%2Fcategories&post=486"},{"taxonomy":"post_tag","embeddable":true,"href":"https:\/\/www.taunusmusikanten.de\/index.php?rest_route=%2Fwp%2Fv2%2Ftags&post=486"}],"curies":[{"name":"wp","href":"https:\/\/api.w.org\/{rel}","templated":true}]}}