{"id":717,"date":"2013-07-07T11:00:32","date_gmt":"2013-07-07T09:00:32","guid":{"rendered":"http:\/\/wp.taunusmusikanten.de\/?p=717"},"modified":"2017-05-27T23:33:27","modified_gmt":"2017-05-27T21:33:27","slug":"feuerwehrfest-in-ober-walluf","status":"publish","type":"post","link":"https:\/\/www.taunusmusikanten.de\/?p=717","title":{"rendered":"Feuerwehrfest in Ober-Walluf"},"content":{"rendered":"<p>Da ist man schon mal bei der Feuerwehr &#8211; aber auch die k\u00f6nnen oder wollen nicht jeden Brand l\u00f6schen! In diesem Fall war es ein &#8222;wollen&#8220;, denn wer m\u00f6chte schon gegen den herrlichen &#8222;Brand&#8220; der Sonne dieser Tage vorgehen? Nach Monaten der Wetter-Tristesse endlich echtes Sommerwetter &#8211; genau richtig zum Fr\u00fchschoppen auf dem Feuerwehrfest der Freiwilligen Feuerwehr aus Ober-Walluf. Nach 2007 waren erneut die Wiesbadener Taunusmusikanten eingeladen worden das Publikum aus ihrem reichhaltigen Repertoire zu unterhalten.<br \/>\nGlockenschlag 10.30 Uhr versammelten sich 34 Musik\u00fcsse auf dem noch im arbeitsamen Aufbau-Treiben befindlichen Festgel\u00e4nde und sahen die B\u00fchne: &#8222;Das reicht nicht &#8211; wir sind fast doppelt so viele seit dem letzten Auftritt hier von 2007&#8220;, so die schnelle Feststellung. Aber flexibel, wie der Verein nun mal ist, wird vor, links und rechts von der B\u00fchne das Gel\u00e4nde in Beschlag genommen, die Instrumente aufgebaut und schnell gestimmt &#8211; man will ja p\u00fcnktlich sein.<br \/>\nMit dem Fliegermarsch wurden die G\u00e4ste z\u00fcnftig begr\u00fc\u00dft und der ein oder andere klatschte ab dem ersten Takt bereits eifrig und gut gelaunt im Rhythmus mit. Damit keine Zweifel an der Repertoire-Vielfalt aufkommen konnten, \u00fcbernahm sofort das &#8222;A-Team&#8220; die Kontrolle \u00fcber das Fest. Der Dirigent Bernd Schneider zog alle Registerkarten und verabschiedete die Musikerinnen und Musiker nach etwa 2 Stunden Programm mit der &#8222;Blues Brothers Revue&#8220; &#8211; das St\u00fcck, dass 2007 am gleichen Ort uraufgef\u00fchrt wurde &#8211; in eine kurze Essenspause.<br \/>\nNach Spanferkel, Spie\u00dfbraten und Currywurst \u00fcbernahm Karsten Schindler das Zepter f\u00fcr Bernd Schneider, der beruflich zu einer Konzertreise nach Luxemburg aufbrechen musste, und f\u00fchrte unter warmem Applaus f\u00fcr die hei\u00dfe Musik aus Dixieland und Rock-St\u00fccken den Auftritt zu einem runden Ende.<br \/>\nUm 14 Uhr hie\u00df es dann zwar nicht &#8222;Wasser marsch&#8220;, aber auch der &#8222;Abmarsch&#8220; vom Fr\u00fchschoppen bleibt mit sehr tollen und angenehmen Erinnerungen im Ged\u00e4chtnis. Weiter geht es f\u00fcr die Wiesbadener Taunusmusikanten dann nach der Sommerpause, in der weiterhin flei\u00dfig ge\u00fcbt wird, auf der Nordenstadter Kerb im August.<\/p>\nngg_shortcode_0_placeholder\n","protected":false},"excerpt":{"rendered":"<p>Da ist man schon mal bei der Feuerwehr &#8211; aber auch die k\u00f6nnen oder wollen nicht jeden Brand l\u00f6schen! In diesem Fall war es ein &#8222;wollen&#8220;, denn wer m\u00f6chte schon gegen den herrlichen &#8222;Brand&#8220; der Sonne dieser Tage vorgehen? Nach Monaten der Wetter-Tristesse endlich echtes Sommerwetter &#8211; genau richtig zum Fr\u00fchschoppen auf dem Feuerwehrfest der Freiwilligen Feuerwehr aus Ober-Walluf. Nach 2007 waren&hellip;<\/p>\n<p> <a class=\"more-link\" href=\"https:\/\/www.taunusmusikanten.de\/?p=717\">Weiterlesen<\/a><\/p>\n","protected":false},"author":2,"featured_media":4477,"comment_status":"closed","ping_status":"closed","sticky":false,"template":"","format":"standard","meta":{"ngg_post_thumbnail":0,"footnotes":""},"categories":[18],"tags":[],"class_list":{"0":"post-717","1":"post","2":"type-post","3":"status-publish","4":"format-standard","5":"has-post-thumbnail","7":"category-termine-2013"},"_links":{"self":[{"href":"https:\/\/www.taunusmusikanten.de\/index.php?rest_route=\/wp\/v2\/posts\/717","targetHints":{"allow":["GET"]}}],"collection":[{"href":"https:\/\/www.taunusmusikanten.de\/index.php?rest_route=\/wp\/v2\/posts"}],"about":[{"href":"https:\/\/www.taunusmusikanten.de\/index.php?rest_route=\/wp\/v2\/types\/post"}],"author":[{"embeddable":true,"href":"https:\/\/www.taunusmusikanten.de\/index.php?rest_route=\/wp\/v2\/users\/2"}],"replies":[{"embeddable":true,"href":"https:\/\/www.taunusmusikanten.de\/index.php?rest_route=%2Fwp%2Fv2%2Fcomments&post=717"}],"version-history":[{"count":3,"href":"https:\/\/www.taunusmusikanten.de\/index.php?rest_route=\/wp\/v2\/posts\/717\/revisions"}],"predecessor-version":[{"id":4476,"href":"https:\/\/www.taunusmusikanten.de\/index.php?rest_route=\/wp\/v2\/posts\/717\/revisions\/4476"}],"wp:featuredmedia":[{"embeddable":true,"href":"https:\/\/www.taunusmusikanten.de\/index.php?rest_route=\/wp\/v2\/media\/4477"}],"wp:attachment":[{"href":"https:\/\/www.taunusmusikanten.de\/index.php?rest_route=%2Fwp%2Fv2%2Fmedia&parent=717"}],"wp:term":[{"taxonomy":"category","embeddable":true,"href":"https:\/\/www.taunusmusikanten.de\/index.php?rest_route=%2Fwp%2Fv2%2Fcategories&post=717"},{"taxonomy":"post_tag","embeddable":true,"href":"https:\/\/www.taunusmusikanten.de\/index.php?rest_route=%2Fwp%2Fv2%2Ftags&post=717"}],"curies":[{"name":"wp","href":"https:\/\/api.w.org\/{rel}","templated":true}]}}